{"id":1356,"date":"2025-09-24T10:49:50","date_gmt":"2025-09-24T10:49:50","guid":{"rendered":"https:\/\/astragal.eu\/?p=1356"},"modified":"2025-11-18T11:07:32","modified_gmt":"2025-11-18T10:07:32","slug":"summer-climate-disasters-cost-the-european-economy-billions","status":"publish","type":"post","link":"https:\/\/astragal.eu\/fr\/publication\/summer-climate-disasters-cost-the-european-economy-billions\/","title":{"rendered":"Les catastrophes climatiques co\u00fbtent des milliards \u00e0 l\u2019\u00e9conomie europ\u00e9enne"},"content":{"rendered":"<p><span style=\"font-weight: 400;\">La revue scientifique European Economic Review a publi\u00e9 les r\u00e9sultats d\u2019une \u00e9tude men\u00e9e conjointement par l\u2019Universit\u00e9 de Mannheim et la Banque Centrale Europ\u00e9enne.<\/span><\/p>\n<p><span style=\"font-weight: 400;\">Elles ont estim\u00e9 que les catastrophes de l\u2019\u00e9t\u00e9 2025 ont co\u00fbt\u00e9 \u00e0 l\u2019Europe 43 milliards d\u2019euros et provoqu\u00e9 une baisse de 0,26 % de la production de l\u2019UE par rapport \u00e0 2024.<\/span><\/p>\n<p>The continent has not been affected uniformly, with the Mediterranean basin paying the heaviest price for extreme weather events (Cyprus, Greece, Malta, Bulgaria, Spain, Italy, Portugal).<\/p>\n<p><span style=\"font-weight: 400;\">Seules les vagues de chaleur, les s\u00e9cheresses et les inondations ont \u00e9t\u00e9 prises en compte dans l\u2019\u00e9tude. Les chiffres ne tiennent donc pas compte des incendies record d\u2019ao\u00fbt 2025.<\/span><\/p>\n<p><span style=\"font-weight: 400;\">Les chercheurs concluent \u00e0 l\u2019urgence d\u2019investir dans la protection thermique des villes et une meilleure gestion de l\u2019eau, sans quoi la facture pourrait atteindre 126 milliards d\u2019euros d\u2019ici 2029.<\/span><\/p>","protected":false},"excerpt":{"rendered":"<p>The European Economic Review has published the results of a joint study conducted by the University of Mannheim and the European Central Bank. It estimated that last summer disasters costed Europe \u20ac43 billion and caused a 0.26% drop in the EU production compared to 2024. The continent has not been affected uniformly, with the Mediterranean &hellip; <a href=\"https:\/\/astragal.eu\/fr\/publication\/summer-climate-disasters-cost-the-european-economy-billions\/\">Continued<\/a><\/p>","protected":false},"author":1,"featured_media":2312,"comment_status":"closed","ping_status":"closed","sticky":false,"template":"","format":"standard","meta":{"footnotes":""},"categories":[72],"tags":[37,36,11],"class_list":["post-1356","post","type-post","status-publish","format-standard","has-post-thumbnail","hentry","category-news","tag-adapt-your-assets","tag-planet","tag-transform-your-activities"],"yoast_head":"<!-- This site is optimized with the Yoast SEO plugin v27.0 - https:\/\/yoast.com\/product\/yoast-seo-wordpress\/ -->\n<title>Summer climate disasters cost the European economy billions - Astragal<\/title>\n<meta name=\"robots\" content=\"index, follow, max-snippet:-1, max-image-preview:large, max-video-preview:-1\" \/>\n<link rel=\"canonical\" href=\"https:\/\/astragal.eu\/fr\/publication\/summer-climate-disasters-cost-the-european-economy-billions\/\" \/>\n<meta property=\"og:locale\" content=\"fr_FR\" \/>\n<meta property=\"og:type\" content=\"article\" \/>\n<meta property=\"og:title\" content=\"Summer climate disasters cost the European economy billions - Astragal\" \/>\n<meta property=\"og:description\" content=\"The European Economic Review has published the results of a joint study conducted by the University of Mannheim and the European Central Bank. It estimated that last summer disasters costed Europe \u20ac43 billion and caused a 0.26% drop in the EU production compared to 2024. The continent has not been affected uniformly, with the Mediterranean &hellip; Continued\" \/>\n<meta property=\"og:url\" content=\"https:\/\/astragal.eu\/fr\/publication\/summer-climate-disasters-cost-the-european-economy-billions\/\" \/>\n<meta property=\"og:site_name\" content=\"Astragal\" \/>\n<meta property=\"article:published_time\" content=\"2025-09-24T10:49:50+00:00\" \/>\n<meta property=\"article:modified_time\" content=\"2025-11-18T10:07:32+00:00\" \/>\n<meta property=\"og:image\" content=\"https:\/\/astragal.eu\/app\/uploads\/2025\/09\/post-climate-01-1.webp\" \/>\n\t<meta property=\"og:image:width\" content=\"1417\" \/>\n\t<meta property=\"og:image:height\" content=\"943\" \/>\n\t<meta property=\"og:image:type\" content=\"image\/webp\" \/>\n<meta name=\"author\" content=\"Flow\" \/>\n<meta name=\"twitter:card\" content=\"summary_large_image\" \/>\n<meta name=\"twitter:label1\" content=\"\u00c9crit par\" \/>\n\t<meta name=\"twitter:data1\" content=\"Flow\" \/>\n\t<meta name=\"twitter:label2\" content=\"Dur\u00e9e de lecture estim\u00e9e\" \/>\n\t<meta name=\"twitter:data2\" content=\"1 minute\" \/>\n<script type=\"application\/ld+json\" class=\"yoast-schema-graph\">{\"@context\":\"https:\/\/schema.org\",\"@graph\":[{\"@type\":\"Article\",\"@id\":\"https:\/\/astragal.eu\/publication\/summer-climate-disasters-cost-the-european-economy-billions\/#article\",\"isPartOf\":{\"@id\":\"https:\/\/astragal.eu\/publication\/summer-climate-disasters-cost-the-european-economy-billions\/\"},\"author\":{\"name\":\"Flow\",\"@id\":\"https:\/\/astragal.eu\/#\/schema\/person\/1c9edc03356138d5e0916dd883c24b7f\"},\"headline\":\"Summer climate disasters cost the European economy billions\",\"datePublished\":\"2025-09-24T10:49:50+00:00\",\"dateModified\":\"2025-11-18T10:07:32+00:00\",\"mainEntityOfPage\":{\"@id\":\"https:\/\/astragal.eu\/publication\/summer-climate-disasters-cost-the-european-economy-billions\/\"},\"wordCount\":122,\"publisher\":{\"@id\":\"https:\/\/astragal.eu\/#organization\"},\"image\":{\"@id\":\"https:\/\/astragal.eu\/publication\/summer-climate-disasters-cost-the-european-economy-billions\/#primaryimage\"},\"thumbnailUrl\":\"https:\/\/astragal.eu\/app\/uploads\/2025\/09\/post-climate-01-1.webp\",\"keywords\":[\"Adapt your assets\",\"Planet\",\"Transform your activities\"],\"articleSection\":[\"News\"],\"inLanguage\":\"fr-FR\"},{\"@type\":\"WebPage\",\"@id\":\"https:\/\/astragal.eu\/publication\/summer-climate-disasters-cost-the-european-economy-billions\/\",\"url\":\"https:\/\/astragal.eu\/publication\/summer-climate-disasters-cost-the-european-economy-billions\/\",\"name\":\"Summer climate disasters cost the European economy billions - Astragal\",\"isPartOf\":{\"@id\":\"https:\/\/astragal.eu\/#website\"},\"primaryImageOfPage\":{\"@id\":\"https:\/\/astragal.eu\/publication\/summer-climate-disasters-cost-the-european-economy-billions\/#primaryimage\"},\"image\":{\"@id\":\"https:\/\/astragal.eu\/publication\/summer-climate-disasters-cost-the-european-economy-billions\/#primaryimage\"},\"thumbnailUrl\":\"https:\/\/astragal.eu\/app\/uploads\/2025\/09\/post-climate-01-1.webp\",\"datePublished\":\"2025-09-24T10:49:50+00:00\",\"dateModified\":\"2025-11-18T10:07:32+00:00\",\"breadcrumb\":{\"@id\":\"https:\/\/astragal.eu\/publication\/summer-climate-disasters-cost-the-european-economy-billions\/#breadcrumb\"},\"inLanguage\":\"fr-FR\",\"potentialAction\":[{\"@type\":\"ReadAction\",\"target\":[\"https:\/\/astragal.eu\/publication\/summer-climate-disasters-cost-the-european-economy-billions\/\"]}]},{\"@type\":\"ImageObject\",\"inLanguage\":\"fr-FR\",\"@id\":\"https:\/\/astragal.eu\/publication\/summer-climate-disasters-cost-the-european-economy-billions\/#primaryimage\",\"url\":\"https:\/\/astragal.eu\/app\/uploads\/2025\/09\/post-climate-01-1.webp\",\"contentUrl\":\"https:\/\/astragal.eu\/app\/uploads\/2025\/09\/post-climate-01-1.webp\",\"width\":1417,\"height\":943},{\"@type\":\"BreadcrumbList\",\"@id\":\"https:\/\/astragal.eu\/publication\/summer-climate-disasters-cost-the-european-economy-billions\/#breadcrumb\",\"itemListElement\":[{\"@type\":\"ListItem\",\"position\":1,\"name\":\"Home\",\"item\":\"https:\/\/astragal.eu\/\"},{\"@type\":\"ListItem\",\"position\":2,\"name\":\"Summer climate disasters cost the European economy billions\"}]},{\"@type\":\"WebSite\",\"@id\":\"https:\/\/astragal.eu\/#website\",\"url\":\"https:\/\/astragal.eu\/\",\"name\":\"Astragal\",\"description\":\"Independent advisory firm guiding international companies towards sustainable transformation\",\"publisher\":{\"@id\":\"https:\/\/astragal.eu\/#organization\"},\"potentialAction\":[{\"@type\":\"SearchAction\",\"target\":{\"@type\":\"EntryPoint\",\"urlTemplate\":\"https:\/\/astragal.eu\/?s={search_term_string}\"},\"query-input\":{\"@type\":\"PropertyValueSpecification\",\"valueRequired\":true,\"valueName\":\"search_term_string\"}}],\"inLanguage\":\"fr-FR\"},{\"@type\":\"Organization\",\"@id\":\"https:\/\/astragal.eu\/#organization\",\"name\":\"Astragal\",\"url\":\"https:\/\/astragal.eu\/\",\"logo\":{\"@type\":\"ImageObject\",\"inLanguage\":\"fr-FR\",\"@id\":\"https:\/\/astragal.eu\/#\/schema\/logo\/image\/\",\"url\":\"https:\/\/astragal.eu\/app\/uploads\/2025\/09\/logo.svg\",\"contentUrl\":\"https:\/\/astragal.eu\/app\/uploads\/2025\/09\/logo.svg\",\"caption\":\"Astragal\"},\"image\":{\"@id\":\"https:\/\/astragal.eu\/#\/schema\/logo\/image\/\"}},{\"@type\":\"Person\",\"@id\":\"https:\/\/astragal.eu\/#\/schema\/person\/1c9edc03356138d5e0916dd883c24b7f\",\"name\":\"Flow\",\"image\":{\"@type\":\"ImageObject\",\"inLanguage\":\"fr-FR\",\"@id\":\"https:\/\/astragal.eu\/#\/schema\/person\/image\/\",\"url\":\"https:\/\/secure.gravatar.com\/avatar\/c5957b98059c71eeccfa62fd96434a1bab1d34e2408a5ab52997dc2a35d2b8b6?s=96&d=mm&r=g\",\"contentUrl\":\"https:\/\/secure.gravatar.com\/avatar\/c5957b98059c71eeccfa62fd96434a1bab1d34e2408a5ab52997dc2a35d2b8b6?s=96&d=mm&r=g\",\"caption\":\"Flow\"},\"sameAs\":[\"https:\/\/brickx.test\/wp\"],\"url\":\"https:\/\/astragal.eu\/fr\/publication\/author\/flow\/\"}]}<\/script>\n<!-- \/ Yoast SEO plugin. -->","yoast_head_json":{"title":"Summer climate disasters cost the European economy billions - Astragal","robots":{"index":"index","follow":"follow","max-snippet":"max-snippet:-1","max-image-preview":"max-image-preview:large","max-video-preview":"max-video-preview:-1"},"canonical":"https:\/\/astragal.eu\/fr\/publication\/summer-climate-disasters-cost-the-european-economy-billions\/","og_locale":"fr_FR","og_type":"article","og_title":"Summer climate disasters cost the European economy billions - Astragal","og_description":"The European Economic Review has published the results of a joint study conducted by the University of Mannheim and the European Central Bank. It estimated that last summer disasters costed Europe \u20ac43 billion and caused a 0.26% drop in the EU production compared to 2024. The continent has not been affected uniformly, with the Mediterranean &hellip; Continued","og_url":"https:\/\/astragal.eu\/fr\/publication\/summer-climate-disasters-cost-the-european-economy-billions\/","og_site_name":"Astragal","article_published_time":"2025-09-24T10:49:50+00:00","article_modified_time":"2025-11-18T10:07:32+00:00","og_image":[{"width":1417,"height":943,"url":"https:\/\/astragal.eu\/app\/uploads\/2025\/09\/post-climate-01-1.webp","type":"image\/webp"}],"author":"Flow","twitter_card":"summary_large_image","twitter_misc":{"\u00c9crit par":"Flow","Dur\u00e9e de lecture estim\u00e9e":"1 minute"},"schema":{"@context":"https:\/\/schema.org","@graph":[{"@type":"Article","@id":"https:\/\/astragal.eu\/publication\/summer-climate-disasters-cost-the-european-economy-billions\/#article","isPartOf":{"@id":"https:\/\/astragal.eu\/publication\/summer-climate-disasters-cost-the-european-economy-billions\/"},"author":{"name":"Flow","@id":"https:\/\/astragal.eu\/#\/schema\/person\/1c9edc03356138d5e0916dd883c24b7f"},"headline":"Summer climate disasters cost the European economy billions","datePublished":"2025-09-24T10:49:50+00:00","dateModified":"2025-11-18T10:07:32+00:00","mainEntityOfPage":{"@id":"https:\/\/astragal.eu\/publication\/summer-climate-disasters-cost-the-european-economy-billions\/"},"wordCount":122,"publisher":{"@id":"https:\/\/astragal.eu\/#organization"},"image":{"@id":"https:\/\/astragal.eu\/publication\/summer-climate-disasters-cost-the-european-economy-billions\/#primaryimage"},"thumbnailUrl":"https:\/\/astragal.eu\/app\/uploads\/2025\/09\/post-climate-01-1.webp","keywords":["Adapt your assets","Planet","Transform your activities"],"articleSection":["News"],"inLanguage":"fr-FR"},{"@type":"WebPage","@id":"https:\/\/astragal.eu\/publication\/summer-climate-disasters-cost-the-european-economy-billions\/","url":"https:\/\/astragal.eu\/publication\/summer-climate-disasters-cost-the-european-economy-billions\/","name":"Summer climate disasters cost the European economy billions - Astragal","isPartOf":{"@id":"https:\/\/astragal.eu\/#website"},"primaryImageOfPage":{"@id":"https:\/\/astragal.eu\/publication\/summer-climate-disasters-cost-the-european-economy-billions\/#primaryimage"},"image":{"@id":"https:\/\/astragal.eu\/publication\/summer-climate-disasters-cost-the-european-economy-billions\/#primaryimage"},"thumbnailUrl":"https:\/\/astragal.eu\/app\/uploads\/2025\/09\/post-climate-01-1.webp","datePublished":"2025-09-24T10:49:50+00:00","dateModified":"2025-11-18T10:07:32+00:00","breadcrumb":{"@id":"https:\/\/astragal.eu\/publication\/summer-climate-disasters-cost-the-european-economy-billions\/#breadcrumb"},"inLanguage":"fr-FR","potentialAction":[{"@type":"ReadAction","target":["https:\/\/astragal.eu\/publication\/summer-climate-disasters-cost-the-european-economy-billions\/"]}]},{"@type":"ImageObject","inLanguage":"fr-FR","@id":"https:\/\/astragal.eu\/publication\/summer-climate-disasters-cost-the-european-economy-billions\/#primaryimage","url":"https:\/\/astragal.eu\/app\/uploads\/2025\/09\/post-climate-01-1.webp","contentUrl":"https:\/\/astragal.eu\/app\/uploads\/2025\/09\/post-climate-01-1.webp","width":1417,"height":943},{"@type":"BreadcrumbList","@id":"https:\/\/astragal.eu\/publication\/summer-climate-disasters-cost-the-european-economy-billions\/#breadcrumb","itemListElement":[{"@type":"ListItem","position":1,"name":"Home","item":"https:\/\/astragal.eu\/"},{"@type":"ListItem","position":2,"name":"Summer climate disasters cost the European economy billions"}]},{"@type":"WebSite","@id":"https:\/\/astragal.eu\/#website","url":"https:\/\/astragal.eu\/","name":"Astragal","description":"Independent advisory firm guiding international companies towards sustainable transformation","publisher":{"@id":"https:\/\/astragal.eu\/#organization"},"potentialAction":[{"@type":"SearchAction","target":{"@type":"EntryPoint","urlTemplate":"https:\/\/astragal.eu\/?s={search_term_string}"},"query-input":{"@type":"PropertyValueSpecification","valueRequired":true,"valueName":"search_term_string"}}],"inLanguage":"fr-FR"},{"@type":"Organization","@id":"https:\/\/astragal.eu\/#organization","name":"Astragal","url":"https:\/\/astragal.eu\/","logo":{"@type":"ImageObject","inLanguage":"fr-FR","@id":"https:\/\/astragal.eu\/#\/schema\/logo\/image\/","url":"https:\/\/astragal.eu\/app\/uploads\/2025\/09\/logo.svg","contentUrl":"https:\/\/astragal.eu\/app\/uploads\/2025\/09\/logo.svg","caption":"Astragal"},"image":{"@id":"https:\/\/astragal.eu\/#\/schema\/logo\/image\/"}},{"@type":"Person","@id":"https:\/\/astragal.eu\/#\/schema\/person\/1c9edc03356138d5e0916dd883c24b7f","name":"Flow","image":{"@type":"ImageObject","inLanguage":"fr-FR","@id":"https:\/\/astragal.eu\/#\/schema\/person\/image\/","url":"https:\/\/secure.gravatar.com\/avatar\/c5957b98059c71eeccfa62fd96434a1bab1d34e2408a5ab52997dc2a35d2b8b6?s=96&d=mm&r=g","contentUrl":"https:\/\/secure.gravatar.com\/avatar\/c5957b98059c71eeccfa62fd96434a1bab1d34e2408a5ab52997dc2a35d2b8b6?s=96&d=mm&r=g","caption":"Flow"},"sameAs":["https:\/\/brickx.test\/wp"],"url":"https:\/\/astragal.eu\/fr\/publication\/author\/flow\/"}]}},"_links":{"self":[{"href":"https:\/\/astragal.eu\/fr\/wp-json\/wp\/v2\/posts\/1356","targetHints":{"allow":["GET"]}}],"collection":[{"href":"https:\/\/astragal.eu\/fr\/wp-json\/wp\/v2\/posts"}],"about":[{"href":"https:\/\/astragal.eu\/fr\/wp-json\/wp\/v2\/types\/post"}],"author":[{"embeddable":true,"href":"https:\/\/astragal.eu\/fr\/wp-json\/wp\/v2\/users\/1"}],"replies":[{"embeddable":true,"href":"https:\/\/astragal.eu\/fr\/wp-json\/wp\/v2\/comments?post=1356"}],"version-history":[{"count":7,"href":"https:\/\/astragal.eu\/fr\/wp-json\/wp\/v2\/posts\/1356\/revisions"}],"predecessor-version":[{"id":2856,"href":"https:\/\/astragal.eu\/fr\/wp-json\/wp\/v2\/posts\/1356\/revisions\/2856"}],"wp:featuredmedia":[{"embeddable":true,"href":"https:\/\/astragal.eu\/fr\/wp-json\/wp\/v2\/media\/2312"}],"wp:attachment":[{"href":"https:\/\/astragal.eu\/fr\/wp-json\/wp\/v2\/media?parent=1356"}],"wp:term":[{"taxonomy":"category","embeddable":true,"href":"https:\/\/astragal.eu\/fr\/wp-json\/wp\/v2\/categories?post=1356"},{"taxonomy":"post_tag","embeddable":true,"href":"https:\/\/astragal.eu\/fr\/wp-json\/wp\/v2\/tags?post=1356"}],"curies":[{"name":"wp","href":"https:\/\/api.w.org\/{rel}","templated":true}]}}